{"id":2809,"date":"2016-07-01T16:36:11","date_gmt":"2016-07-01T14:36:11","guid":{"rendered":"https:\/\/www.ikone.com\/visite-privee-ikone-pylat\/"},"modified":"2019-09-30T10:11:34","modified_gmt":"2019-09-30T08:11:34","slug":"visite-privee-ikone-pylat","status":"publish","type":"post","link":"https:\/\/www.ikone.com\/en\/visite-privee-ikone-pylat\/","title":{"rendered":"VISITE PRIV\u00c9E &#8211; IKONE PYLA"},"content":{"rendered":"<p>[vc_row][vc_column][vc_single_image image=&#8221;2400&#8243; img_size=&#8221;full&#8221;][\/vc_column][\/vc_row][vc_row][vc_column][vc_single_image image=&#8221;2401&#8243; img_size=&#8221;full&#8221;][vc_column_text]<\/p>\n<h2 style=\"text-align: center;\">VILLA oc\u00e9ane<\/h2>\n<h4 style=\"text-align: center;\">Textes Anne-France Mayne.<br \/>\nPhotos Erick Saillet.<\/h4>\n<p>Aux portes du bassin d\u2019Arcachon, l\u2019un des plus beaux paysages de France fascine par son panorama \u00ab dunaire \u00bb unique. En ce lieu, l\u2019air marin chante une toute autre musique, modelant sans cesse le paysage sablonneux mieux connu sous l\u2019embl\u00e9matique Dune du Pilat. Pratiquement les pieds dans l\u2019eau, cette maison aimante les regards, avec ses 650 m2 en lien \u00e9troit avec son environnement exceptionnel.[\/vc_column_text][\/vc_column][\/vc_row][vc_row][vc_column][vc_single_image image=&#8221;2405&#8243; img_size=&#8221;full&#8221;][vc_column_text]<\/p>\n<h2 style=\"text-align: center;\">Une architecture estampill\u00e9e<\/h2>\n<p>Indissociable de la r\u00e9gion, le nom Gaume r\u00e9sonne dans la plupart des architectures de Pyla-sur-Mer (Louis Gaume fondateur de la station en 1922). T\u00e9moin de ce patrimoine, cette villa, \u00e9rig\u00e9e dans les ann\u00e9es 80, d\u00e9ployait ses 300 m2 sur un terrain de 2600 m2 au pied de la Dune du Pilat. \u00c9l\u00e9gamment baptis\u00e9e The Blue Dream, elle a su transcender son h\u00e9ritage, emmen\u00e9e par une r\u00e9novation cousue main, un agrandissement adapt\u00e9 et une sur\u00e9l\u00e9vation panoramique &#8211; l\u2019ensemble r\u00e9alis\u00e9 par le concepteur suisse Ikone\u00ae, sp\u00e9cialis\u00e9 dans les projets d\u2019exception et l\u2019architecte Delphine Gaud\u00e9 Le Gall. Aujourd\u2019hui elle affiche 650 m2.<\/p>\n<p>Ikone\u00ae nous d\u00e9livre une vision globale, de la r\u00e9novation, des fondations renforc\u00e9es jusqu\u2019\u00e0 l\u2019am\u00e9nagement paysager, l\u2019agencement int\u00e9rieur, sans omettre la d\u00e9coration. C\u2019est donc un r\u00eave bien r\u00e9el qui a pris vie avec cette demeure con\u00e7ue comme un art de vivre, sans jamais perdre de vue son h\u00e9ritage architectural. Chaque espace a \u00e9t\u00e9 repens\u00e9, soucieux d\u2019une circulation ergonomique et d\u2019un confort cinq \u00e9toiles. Le concepteur a su conserver l\u2019A.D.N. du lieu, comme si la sur\u00e9l\u00e9vation et l\u2019agrandissement, mat\u00e9rialis\u00e9s par la master suite, ainsi que le petit salon et la salle \u00e0 manger, avaient toujours fait partie de cette histoire.[\/vc_column_text][\/vc_column][\/vc_row][vc_row][vc_column][vc_single_image image=&#8221;2409&#8243; img_size=&#8221;full&#8221;][\/vc_column][\/vc_row][vc_row][vc_column][vc_single_image image=&#8221;2411&#8243; img_size=&#8221;full&#8221;][\/vc_column][\/vc_row][vc_row][vc_column width=&#8221;1\/2&#8243;][vc_single_image image=&#8221;2413&#8243; img_size=&#8221;full&#8221;][\/vc_column][vc_column width=&#8221;1\/2&#8243;][vc_single_image image=&#8221;2414&#8243; img_size=&#8221;full&#8221;][\/vc_column][\/vc_row][vc_row][vc_column][vc_single_image image=&#8221;2416&#8243; img_size=&#8221;full&#8221;][vc_column_text]<\/p>\n<h2 style=\"text-align: center;\">Vue hypnotique<\/h2>\n<p>Perpendiculaire \u00e0 l\u2019oc\u00e9an, la villa d\u00e9roule ses m2 lin\u00e9aires d\u2019ouest en est. L\u2019agrandissement et la sur\u00e9l\u00e9vation se sont concentr\u00e9s bien \u00e9videmment sur le panorama. Un travail exceptionnel d\u2019am\u00e9nagement paysager a particip\u00e9 \u00e0 la valorisation de l\u2019architecture mais \u00e9galement au d\u00e9gagement de la vue sur le Cap Ferret et les \u00eelots sablonneux du banc d\u2019Arguin.<\/p>\n<p>De concert, les pi\u00e8ces de jour tournent leur regard vers cette f\u00e9\u00e9rie chatoyante, laissant la piscine \u00e0 d\u00e9bordement le soin de cr\u00e9er un horizon d\u2019eau douce. \u00c0 l\u2019est, \u00e0 l\u2019abri de l\u2019air oc\u00e9anique, la Maison d\u2019invit\u00e9s, parfaitement autonome, privil\u00e9gie le spectacle v\u00e9g\u00e9tal, l\u2019ext\u00e9rieur s\u2019illustrant avec de majestueux espaces verts et un rev\u00eatement aux consonances anciennes en Bar de Montpellier.<\/p>\n<p>Sans omettre le terrain de p\u00e9tanque ! Un acc\u00e8s priv\u00e9 \u00e0 l\u2019oc\u00e9an lie la pierre au sable et \u00e0 l\u2019oc\u00e9an, comme un chemin menant tout droit \u00e0 l\u2019infinie grandeur. Un arr\u00eat sur image s\u2019impose. La piscine miroir de 10 x 5 m\u00e8tres suit les courants marins, parfaitement parall\u00e8le \u00e0 l\u2019immensit\u00e9 bleue, pour se confondre avec elle et avec l\u2019azur. Sa construction s\u2019apparente \u00e0 une prouesse technique, dot\u00e9e d\u2019un double bassin, la face cach\u00e9e de l\u2019iceberg, imagin\u00e9 comme un bac de r\u00e9cup\u00e9ration afin de pouvoir en seulement quinze minutes vider la piscine pour la nettoyer et intervenir en cas d\u2019entretien technique ![\/vc_column_text][\/vc_column][\/vc_row][vc_row][vc_column][vc_single_image image=&#8221;2418&#8243; img_size=&#8221;full&#8221;][\/vc_column][\/vc_row][vc_row][vc_column][vc_column_text]<\/p>\n<h2 style=\"text-align: center;\">Balade d\u00e9corative<\/h2>\n<p>Des pergolas bioclimatiques ont \u00e9t\u00e9 int\u00e9gr\u00e9es sur la fa\u00e7ade ouest afin de profiter au mieux de l\u2019orientation, se prot\u00e9ger des vents et de l\u2019humidit\u00e9, tout en cr\u00e9ant un dialogue pertinent avec l\u2019int\u00e9rieur, qui peut dor\u00e9navant s\u2019ouvrir pleinement sur le panorama. Pour Ikone\u00ae, le parti pris premier demeure le confort, le bien-\u00eatre et de pair la fonctionnalit\u00e9. Malgr\u00e9 la g\u00e9n\u00e9rosit\u00e9 des m2, les pi\u00e8ces ont \u00e9t\u00e9 con\u00e7ues \u00e0 taille humaine, les circulations sont fluides, chaque pi\u00e8ce conservant son intimit\u00e9, sans jamais \u00eatre cloisonn\u00e9e, comme en t\u00e9moigne la transparence entre la salle \u00e0 manger et le grand salon qui se regardent \u00e0 travers la chemin\u00e9e lin\u00e9aire au gaz.<\/p>\n<p>C\u2019est \u00e0 ce moment que l\u2019on ne peut qu\u2019admirer les finitions en mati\u00e8re de menuiserie int\u00e9rieure. Des dressings au mobilier, l\u2019agencement en bois traduit un travail d\u2019orf\u00e8vrerie n\u2019h\u00e9sitant pas \u00e0 int\u00e9grer du cuir, du tissu\u2026 Et la cuisine ! El\u00e9gante, fonctionnelle, elle concentre toute sa singularit\u00e9 sur les deux caves \u00e0 vin r\u00e9tro\u00e9clair\u00e9es qui transpercent le plan de travail, en granit du Zimbabwe. C\u2019est l\u00e0 que l\u2019inox fait son entr\u00e9e avec subtilit\u00e9 soulignant les profil\u00e9s, avant de devenir une ponctuation d\u00e9corative sur l\u2019ensemble des meubles de la villa.<\/p>\n<p>Un fil d\u2019ariane discret qui sait mettre en relief la myriade de mat\u00e9riaux nobles qui constitue ce d\u00e9cor unique. Les salles de bains prennent vie au son de marbre fossilis\u00e9 et flamm\u00e9, les dressings jouent sur un placage ch\u00eane recouvert de tissus techniques ou encore sur des verres d\u00e9polis, des miroirs\u2026 Les t\u00eates de lit s\u2019expriment via des velours, des beaux cotons tress\u00e9s\u2026 et le parquet en bois massif unit tout ce monde. Une ode r\u00e9solument \u00e9l\u00e9gante, chic mais non ostentatoire. La villa a su multiplier les ambiances, tout en restant coh\u00e9rente, comme autant de points de vue sur un tableau aux univers pluriels qui, la nuit venue, raconte encore une toute autre histoire\u2026[\/vc_column_text][\/vc_column][\/vc_row][vc_row][vc_column width=&#8221;1\/2&#8243;][vc_single_image image=&#8221;2421&#8243; img_size=&#8221;full&#8221;][\/vc_column][vc_column width=&#8221;1\/2&#8243;][vc_single_image image=&#8221;2423&#8243; img_size=&#8221;full&#8221;][\/vc_column][\/vc_row]<\/p>\n","protected":false},"excerpt":{"rendered":"<p>[\/vc_row][vc_row][vc_column][vc_single_image image=&#8221;2401&#8243; img_size=&#8221;full&#8221;][vc_column_text] VILLA oc\u00e9ane Textes Anne-France Mayne. Photos Erick Saillet. Aux portes du bassin d\u2019Arcachon, l\u2019un des plus beaux paysages de France fascine par son panorama \u00ab dunaire \u00bb unique. En ce lieu, l\u2019air marin chante une toute autre musique, modelant sans cesse le paysage sablonneux mieux connu sous l\u2019embl\u00e9matique Dune du Pilat. Pratiquement les pieds dans l\u2019eau, cette maison aimante les regards, avec ses 650 m2 en lien \u00e9troit avec son [&hellip;]<\/p>\n","protected":false},"author":1,"featured_media":2400,"comment_status":"closed","ping_status":"open","sticky":false,"template":"","format":"standard","meta":{"footnotes":""},"categories":[34],"tags":[],"yoast_head":"<!-- This site is optimized with the Yoast SEO plugin v21.8 - https:\/\/yoast.com\/wordpress\/plugins\/seo\/ -->\n<title>VISITE PRIV\u00c9E - IKONE PYLA - Ikone<\/title>\n<meta name=\"robots\" content=\"index, follow, max-snippet:-1, max-image-preview:large, max-video-preview:-1\" \/>\n<link rel=\"canonical\" href=\"https:\/\/www.ikone.com\/en\/visite-privee-ikone-pylat\/\" \/>\n<meta property=\"og:locale\" content=\"en_US\" \/>\n<meta property=\"og:type\" content=\"article\" \/>\n<meta property=\"og:title\" content=\"VISITE PRIV\u00c9E - IKONE PYLA - Ikone\" \/>\n<meta property=\"og:description\" content=\"[\/vc_row][vc_row][vc_column][vc_single_image image=&#8221;2401&#8243; img_size=&#8221;full&#8221;][vc_column_text] VILLA oc\u00e9ane Textes Anne-France Mayne. Photos Erick Saillet. Aux portes du bassin d\u2019Arcachon, l\u2019un des plus beaux paysages de France fascine par son panorama \u00ab dunaire \u00bb unique. En ce lieu, l\u2019air marin chante une toute autre musique, modelant sans cesse le paysage sablonneux mieux connu sous l\u2019embl\u00e9matique Dune du Pilat. Pratiquement les pieds dans l\u2019eau, cette maison aimante les regards, avec ses 650 m2 en lien \u00e9troit avec son [&hellip;]\" \/>\n<meta property=\"og:url\" content=\"https:\/\/www.ikone.com\/en\/visite-privee-ikone-pylat\/\" \/>\n<meta property=\"og:site_name\" content=\"Ikone\" \/>\n<meta property=\"article:published_time\" content=\"2016-07-01T14:36:11+00:00\" \/>\n<meta property=\"article:modified_time\" content=\"2019-09-30T08:11:34+00:00\" \/>\n<meta property=\"og:image\" content=\"https:\/\/www.ikone.com\/wp-content\/uploads\/2016\/07\/Domodeco-pyla.jpg\" \/>\n\t<meta property=\"og:image:width\" content=\"1271\" \/>\n\t<meta property=\"og:image:height\" content=\"1664\" \/>\n\t<meta property=\"og:image:type\" content=\"image\/jpeg\" \/>\n<meta name=\"author\" content=\"Ikone\" \/>\n<meta name=\"twitter:card\" content=\"summary_large_image\" \/>\n<meta name=\"twitter:label1\" content=\"Written by\" \/>\n\t<meta name=\"twitter:data1\" content=\"Ikone\" \/>\n\t<meta name=\"twitter:label2\" content=\"Est. reading time\" \/>\n\t<meta name=\"twitter:data2\" content=\"6 minutes\" \/>\n<script type=\"application\/ld+json\" class=\"yoast-schema-graph\">{\"@context\":\"https:\/\/schema.org\",\"@graph\":[{\"@type\":\"WebPage\",\"@id\":\"https:\/\/www.ikone.com\/en\/visite-privee-ikone-pylat\/\",\"url\":\"https:\/\/www.ikone.com\/en\/visite-privee-ikone-pylat\/\",\"name\":\"VISITE PRIV\u00c9E - IKONE PYLA - Ikone\",\"isPartOf\":{\"@id\":\"https:\/\/www.ikone.com\/#website\"},\"datePublished\":\"2016-07-01T14:36:11+00:00\",\"dateModified\":\"2019-09-30T08:11:34+00:00\",\"author\":{\"@id\":\"https:\/\/www.ikone.com\/#\/schema\/person\/afccef07666f1b7d4df8e297267d3b04\"},\"breadcrumb\":{\"@id\":\"https:\/\/www.ikone.com\/en\/visite-privee-ikone-pylat\/#breadcrumb\"},\"inLanguage\":\"en-US\",\"potentialAction\":[{\"@type\":\"ReadAction\",\"target\":[\"https:\/\/www.ikone.com\/en\/visite-privee-ikone-pylat\/\"]}]},{\"@type\":\"BreadcrumbList\",\"@id\":\"https:\/\/www.ikone.com\/en\/visite-privee-ikone-pylat\/#breadcrumb\",\"itemListElement\":[{\"@type\":\"ListItem\",\"position\":1,\"name\":\"Home\",\"item\":\"https:\/\/www.ikone.com\/en\/\"},{\"@type\":\"ListItem\",\"position\":2,\"name\":\"VISITE PRIV\u00c9E &#8211; IKONE PYLA\"}]},{\"@type\":\"WebSite\",\"@id\":\"https:\/\/www.ikone.com\/#website\",\"url\":\"https:\/\/www.ikone.com\/\",\"name\":\"Ikone\",\"description\":\"\",\"potentialAction\":[{\"@type\":\"SearchAction\",\"target\":{\"@type\":\"EntryPoint\",\"urlTemplate\":\"https:\/\/www.ikone.com\/?s={search_term_string}\"},\"query-input\":\"required name=search_term_string\"}],\"inLanguage\":\"en-US\"},{\"@type\":\"Person\",\"@id\":\"https:\/\/www.ikone.com\/#\/schema\/person\/afccef07666f1b7d4df8e297267d3b04\",\"name\":\"Ikone\",\"image\":{\"@type\":\"ImageObject\",\"inLanguage\":\"en-US\",\"@id\":\"https:\/\/www.ikone.com\/#\/schema\/person\/image\/\",\"url\":\"https:\/\/secure.gravatar.com\/avatar\/b3a79625132a9754deeeec0d8b505374?s=96&d=mm&r=g\",\"contentUrl\":\"https:\/\/secure.gravatar.com\/avatar\/b3a79625132a9754deeeec0d8b505374?s=96&d=mm&r=g\",\"caption\":\"Ikone\"},\"url\":\"https:\/\/www.ikone.com\/en\/author\/webmaster\/\"}]}<\/script>\n<!-- \/ Yoast SEO plugin. -->","yoast_head_json":{"title":"VISITE PRIV\u00c9E - IKONE PYLA - Ikone","robots":{"index":"index","follow":"follow","max-snippet":"max-snippet:-1","max-image-preview":"max-image-preview:large","max-video-preview":"max-video-preview:-1"},"canonical":"https:\/\/www.ikone.com\/en\/visite-privee-ikone-pylat\/","og_locale":"en_US","og_type":"article","og_title":"VISITE PRIV\u00c9E - IKONE PYLA - Ikone","og_description":"[\/vc_row][vc_row][vc_column][vc_single_image image=&#8221;2401&#8243; img_size=&#8221;full&#8221;][vc_column_text] VILLA oc\u00e9ane Textes Anne-France Mayne. Photos Erick Saillet. Aux portes du bassin d\u2019Arcachon, l\u2019un des plus beaux paysages de France fascine par son panorama \u00ab dunaire \u00bb unique. En ce lieu, l\u2019air marin chante une toute autre musique, modelant sans cesse le paysage sablonneux mieux connu sous l\u2019embl\u00e9matique Dune du Pilat. Pratiquement les pieds dans l\u2019eau, cette maison aimante les regards, avec ses 650 m2 en lien \u00e9troit avec son [&hellip;]","og_url":"https:\/\/www.ikone.com\/en\/visite-privee-ikone-pylat\/","og_site_name":"Ikone","article_published_time":"2016-07-01T14:36:11+00:00","article_modified_time":"2019-09-30T08:11:34+00:00","og_image":[{"width":1271,"height":1664,"url":"https:\/\/www.ikone.com\/wp-content\/uploads\/2016\/07\/Domodeco-pyla.jpg","type":"image\/jpeg"}],"author":"Ikone","twitter_card":"summary_large_image","twitter_misc":{"Written by":"Ikone","Est. reading time":"6 minutes"},"schema":{"@context":"https:\/\/schema.org","@graph":[{"@type":"WebPage","@id":"https:\/\/www.ikone.com\/en\/visite-privee-ikone-pylat\/","url":"https:\/\/www.ikone.com\/en\/visite-privee-ikone-pylat\/","name":"VISITE PRIV\u00c9E - IKONE PYLA - Ikone","isPartOf":{"@id":"https:\/\/www.ikone.com\/#website"},"datePublished":"2016-07-01T14:36:11+00:00","dateModified":"2019-09-30T08:11:34+00:00","author":{"@id":"https:\/\/www.ikone.com\/#\/schema\/person\/afccef07666f1b7d4df8e297267d3b04"},"breadcrumb":{"@id":"https:\/\/www.ikone.com\/en\/visite-privee-ikone-pylat\/#breadcrumb"},"inLanguage":"en-US","potentialAction":[{"@type":"ReadAction","target":["https:\/\/www.ikone.com\/en\/visite-privee-ikone-pylat\/"]}]},{"@type":"BreadcrumbList","@id":"https:\/\/www.ikone.com\/en\/visite-privee-ikone-pylat\/#breadcrumb","itemListElement":[{"@type":"ListItem","position":1,"name":"Home","item":"https:\/\/www.ikone.com\/en\/"},{"@type":"ListItem","position":2,"name":"VISITE PRIV\u00c9E &#8211; IKONE PYLA"}]},{"@type":"WebSite","@id":"https:\/\/www.ikone.com\/#website","url":"https:\/\/www.ikone.com\/","name":"Ikone","description":"","potentialAction":[{"@type":"SearchAction","target":{"@type":"EntryPoint","urlTemplate":"https:\/\/www.ikone.com\/?s={search_term_string}"},"query-input":"required name=search_term_string"}],"inLanguage":"en-US"},{"@type":"Person","@id":"https:\/\/www.ikone.com\/#\/schema\/person\/afccef07666f1b7d4df8e297267d3b04","name":"Ikone","image":{"@type":"ImageObject","inLanguage":"en-US","@id":"https:\/\/www.ikone.com\/#\/schema\/person\/image\/","url":"https:\/\/secure.gravatar.com\/avatar\/b3a79625132a9754deeeec0d8b505374?s=96&d=mm&r=g","contentUrl":"https:\/\/secure.gravatar.com\/avatar\/b3a79625132a9754deeeec0d8b505374?s=96&d=mm&r=g","caption":"Ikone"},"url":"https:\/\/www.ikone.com\/en\/author\/webmaster\/"}]}},"_links":{"self":[{"href":"https:\/\/www.ikone.com\/en\/wp-json\/wp\/v2\/posts\/2809"}],"collection":[{"href":"https:\/\/www.ikone.com\/en\/wp-json\/wp\/v2\/posts"}],"about":[{"href":"https:\/\/www.ikone.com\/en\/wp-json\/wp\/v2\/types\/post"}],"author":[{"embeddable":true,"href":"https:\/\/www.ikone.com\/en\/wp-json\/wp\/v2\/users\/1"}],"replies":[{"embeddable":true,"href":"https:\/\/www.ikone.com\/en\/wp-json\/wp\/v2\/comments?post=2809"}],"version-history":[{"count":2,"href":"https:\/\/www.ikone.com\/en\/wp-json\/wp\/v2\/posts\/2809\/revisions"}],"predecessor-version":[{"id":3769,"href":"https:\/\/www.ikone.com\/en\/wp-json\/wp\/v2\/posts\/2809\/revisions\/3769"}],"wp:featuredmedia":[{"embeddable":true,"href":"https:\/\/www.ikone.com\/en\/wp-json\/wp\/v2\/media\/2400"}],"wp:attachment":[{"href":"https:\/\/www.ikone.com\/en\/wp-json\/wp\/v2\/media?parent=2809"}],"wp:term":[{"taxonomy":"category","embeddable":true,"href":"https:\/\/www.ikone.com\/en\/wp-json\/wp\/v2\/categories?post=2809"},{"taxonomy":"post_tag","embeddable":true,"href":"https:\/\/www.ikone.com\/en\/wp-json\/wp\/v2\/tags?post=2809"}],"curies":[{"name":"wp","href":"https:\/\/api.w.org\/{rel}","templated":true}]}}